{"id":8104,"date":"2022-06-14T08:24:14","date_gmt":"2022-06-14T08:24:14","guid":{"rendered":"https:\/\/fecburgos.com\/?p=8104"},"modified":"2022-06-14T10:40:47","modified_gmt":"2022-06-14T10:40:47","slug":"taller-practico-la-carniceria-francesa-cortes-y-tecnicas-innovadoras-en-las-carnicerias","status":"publish","type":"post","link":"https:\/\/fecburgos.com\/index.php\/archivos\/8104","title":{"rendered":"Taller pr\u00e1ctico. \u201cLa carnicer\u00eda francesa: Cortes y T\u00e9cnicas Innovadoras en las carnicer\u00edas\u201d"},"content":{"rendered":"\t\t<div data-elementor-type=\"wp-post\" data-elementor-id=\"8104\" class=\"elementor elementor-8104\">\n\t\t\t\t\t\t<section class=\"elementor-section elementor-top-section elementor-element elementor-element-48d8d316 elementor-section-boxed elementor-section-height-default elementor-section-height-default\" data-id=\"48d8d316\" data-element_type=\"section\" data-e-type=\"section\">\n\t\t\t\t\t\t<div class=\"elementor-container elementor-column-gap-default\">\n\t\t\t\t\t<div class=\"elementor-column elementor-col-100 elementor-top-column elementor-element elementor-element-101308d7\" data-id=\"101308d7\" data-element_type=\"column\" data-e-type=\"column\">\n\t\t\t<div class=\"elementor-widget-wrap elementor-element-populated\">\n\t\t\t\t\t\t<div class=\"elementor-element elementor-element-5ef90b9 elementor-widget elementor-widget-ekit-nav-menu\" data-id=\"5ef90b9\" data-element_type=\"widget\" data-e-type=\"widget\" data-widget_type=\"ekit-nav-menu.default\">\n\t\t\t\t<div class=\"elementor-widget-container\">\n\t\t\t\t\t\t\t<nav class=\"ekit-wid-con ekit_menu_responsive_tablet\" data-hamburger-icon=\"\" data-hamburger-icon-type=\"icon\" data-responsive-breakpoint=\"1024\">\n\t\t\t        <\/nav>\n\t\t\t\t\t\t<\/div>\n\t\t\t\t<\/div>\n\t\t\t\t\t<\/div>\n\t\t<\/div>\n\t\t\t\t\t<\/div>\n\t\t<\/section>\n\t\t\t\t<section class=\"elementor-section elementor-top-section elementor-element elementor-element-4f14a47e elementor-section-boxed elementor-section-height-default elementor-section-height-default\" data-id=\"4f14a47e\" data-element_type=\"section\" data-e-type=\"section\">\n\t\t\t\t\t\t<div class=\"elementor-container elementor-column-gap-default\">\n\t\t\t\t\t<div class=\"elementor-column elementor-col-50 elementor-top-column elementor-element elementor-element-5ba8ab7c\" data-id=\"5ba8ab7c\" data-element_type=\"column\" data-e-type=\"column\">\n\t\t\t<div class=\"elementor-widget-wrap elementor-element-populated\">\n\t\t\t\t\t\t<div class=\"elementor-element elementor-element-45f3e414 elementor-widget elementor-widget-image\" data-id=\"45f3e414\" data-element_type=\"widget\" data-e-type=\"widget\" data-widget_type=\"image.default\">\n\t\t\t\t<div class=\"elementor-widget-container\">\n\t\t\t\t\t\t\t\t\t\t\t\t\t\t\t\t<a href=\"https:\/\/fecburgos.com\/\">\n\t\t\t\t\t\t\t<img fetchpriority=\"high\" decoding=\"async\" width=\"319\" height=\"218\" src=\"https:\/\/fecburgos.com\/wp-content\/uploads\/2020\/05\/LogoFECnuevo.gif\" class=\"attachment-large size-large wp-image-9\" alt=\"\">\t\t\t\t\t\t\t\t<\/a>\n\t\t\t\t\t\t\t\t\t\t\t\t\t\t\t<\/div>\n\t\t\t\t<\/div>\n\t\t\t\t\t<\/div>\n\t\t<\/div>\n\t\t\t\t<div class=\"elementor-column elementor-col-50 elementor-top-column elementor-element elementor-element-6e62433e\" data-id=\"6e62433e\" data-element_type=\"column\" data-e-type=\"column\">\n\t\t\t<div class=\"elementor-widget-wrap elementor-element-populated\">\n\t\t\t\t\t\t<div class=\"elementor-element elementor-element-225cf009 elementor-widget elementor-widget-text-editor\" data-id=\"225cf009\" data-element_type=\"widget\" data-e-type=\"widget\" data-widget_type=\"text-editor.default\">\n\t\t\t\t<div class=\"elementor-widget-container\">\n\t\t\t\t\t\t\t\t\t<p>Federaci\u00f3n de Empresarios de Comercio de Burgos<\/p>\t\t\t\t\t\t\t\t<\/div>\n\t\t\t\t<\/div>\n\t\t\t\t<div class=\"elementor-element elementor-element-4673af6c elementor-widget elementor-widget-ekit-nav-menu\" data-id=\"4673af6c\" data-element_type=\"widget\" data-e-type=\"widget\" data-widget_type=\"ekit-nav-menu.default\">\n\t\t\t\t<div class=\"elementor-widget-container\">\n\t\t\t\t\t\t\t<nav class=\"ekit-wid-con ekit_menu_responsive_tablet\" data-hamburger-icon=\"fas fa-align-justify\" data-hamburger-icon-type=\"icon\" data-responsive-breakpoint=\"1024\">\n\t\t\t            <button class=\"elementskit-menu-hamburger elementskit-menu-toggler\" type=\"button\" aria-label=\"hamburger-icon\">\n                <i aria-hidden=\"true\" class=\"ekit-menu-icon fas fa-align-justify\"><\/i>            <\/button>\n            <div role=\"navigation\" id=\"ekit-megamenu-principal\" class=\"elementskit-menu-container elementskit-menu-offcanvas-elements elementskit-navbar-nav-default ekit-nav-menu-one-page-no ekit-nav-dropdown-hover\"><ul id=\"menu-principal\" class=\"elementskit-navbar-nav elementskit-menu-po-left submenu-click-on-icon\"><li id=\"menu-item-14247\" class=\"menu-item menu-item-type-post_type menu-item-object-page menu-item-has-children menu-item-14247 nav-item elementskit-dropdown-has relative_position elementskit-dropdown-menu-default_width elementskit-mobile-builder-content\" data-vertical-menu=\"750px\"><a href=\"https:\/\/fecburgos.com\/index.php\/conocenos\" class=\"ekit-menu-nav-link ekit-menu-dropdown-toggle\">Con\u00f3cenos<i aria-hidden=\"true\" class=\"icon icon-down-arrow1 elementskit-submenu-indicator\"><\/i><\/a>\n<ul class=\"elementskit-dropdown elementskit-submenu-panel\">\n\t<li id=\"menu-item-14272\" class=\"menu-item menu-item-type-post_type menu-item-object-page menu-item-14272 nav-item elementskit-mobile-builder-content\" data-vertical-menu=\"750px\"><a href=\"https:\/\/fecburgos.com\/index.php\/organigrama\" class=\" dropdown-item\">Organigrama<\/a>\t<\/li><li id=\"menu-item-14245\" class=\"menu-item menu-item-type-post_type menu-item-object-page menu-item-14245 nav-item elementskit-mobile-builder-content\" data-vertical-menu=\"750px\"><a href=\"https:\/\/fecburgos.com\/index.php\/colaboradores\" class=\" dropdown-item\">Colaboradores<\/a>\t<\/li><li id=\"menu-item-14273\" class=\"menu-item menu-item-type-post_type menu-item-object-page menu-item-14273 nav-item elementskit-mobile-builder-content\" data-vertical-menu=\"750px\"><a href=\"https:\/\/fecburgos.com\/index.php\/organos-instituciones\" class=\" dropdown-item\">\u00d3rganos institucionales<\/a>\t<\/li><li id=\"menu-item-14282\" class=\"menu-item menu-item-type-post_type menu-item-object-page menu-item-14282 nav-item elementskit-mobile-builder-content\" data-vertical-menu=\"750px\"><a href=\"https:\/\/fecburgos.com\/index.php\/responsabilidad-social\" class=\" dropdown-item\">Responsabilidad social<\/a><\/li><\/ul>\n<\/li>\n<li id=\"menu-item-14488\" class=\"menu-item menu-item-type-post_type menu-item-object-page menu-item-has-children menu-item-14488 nav-item elementskit-dropdown-has relative_position elementskit-dropdown-menu-default_width elementskit-mobile-builder-content\" data-vertical-menu=\"750px\"><a href=\"https:\/\/fecburgos.com\/index.php\/nuestras-asociaciones\" class=\"ekit-menu-nav-link ekit-menu-dropdown-toggle\">Nuestras asociaciones<i aria-hidden=\"true\" class=\"icon icon-down-arrow1 elementskit-submenu-indicator\"><\/i><\/a>\n<ul class=\"elementskit-dropdown elementskit-submenu-panel\">\n\t<li id=\"menu-item-17902\" class=\"menu-item menu-item-type-post_type menu-item-object-page menu-item-17902 nav-item elementskit-mobile-builder-content\" data-vertical-menu=\"750px\"><a href=\"https:\/\/fecburgos.com\/index.php\/asociaciones-sectoriales-2\" class=\" dropdown-item\">Asociaciones Sectoriales<\/a>\t<\/li><li id=\"menu-item-14238\" class=\"menu-item menu-item-type-post_type menu-item-object-page menu-item-14238 nav-item elementskit-mobile-builder-content\" data-vertical-menu=\"750px\"><a href=\"https:\/\/fecburgos.com\/index.php\/asociaciones-territoriales\" class=\" dropdown-item\">Asociaciones Territoriales<\/a>\t<\/li><li id=\"menu-item-14239\" class=\"menu-item menu-item-type-post_type menu-item-object-page menu-item-14239 nav-item elementskit-mobile-builder-content\" data-vertical-menu=\"750px\"><a href=\"https:\/\/fecburgos.com\/index.php\/asociaciones-zonales\" class=\" dropdown-item\">Asociaciones Zonales<\/a><\/li><\/ul>\n<\/li>\n<li id=\"menu-item-15914\" class=\"menu-item menu-item-type-post_type menu-item-object-page menu-item-has-children menu-item-15914 nav-item elementskit-dropdown-has relative_position elementskit-dropdown-menu-default_width elementskit-mobile-builder-content\" data-vertical-menu=\"750px\"><a href=\"https:\/\/fecburgos.com\/index.php\/nuestra-labor\" class=\"ekit-menu-nav-link ekit-menu-dropdown-toggle\">Nuestra labor<i aria-hidden=\"true\" class=\"icon icon-down-arrow1 elementskit-submenu-indicator\"><\/i><\/a>\n<ul class=\"elementskit-dropdown elementskit-submenu-panel\">\n\t<li id=\"menu-item-14253\" class=\"menu-item menu-item-type-post_type menu-item-object-page menu-item-14253 nav-item elementskit-mobile-builder-content\" data-vertical-menu=\"750px\"><a href=\"https:\/\/fecburgos.com\/index.php\/formacion\" class=\" dropdown-item\">Formaci\u00f3n<\/a>\t<\/li><li id=\"menu-item-14267\" class=\"menu-item menu-item-type-post_type menu-item-object-page menu-item-14267 nav-item elementskit-mobile-builder-content\" data-vertical-menu=\"750px\"><a href=\"https:\/\/fecburgos.com\/index.php\/mobu-ediciones\" class=\" dropdown-item\">Mobu ediciones<\/a>\t<\/li><li id=\"menu-item-20812\" class=\"menu-item menu-item-type-post_type menu-item-object-page menu-item-20812 nav-item elementskit-mobile-builder-content\" data-vertical-menu=\"750px\"><a href=\"https:\/\/fecburgos.com\/index.php\/muestra-casa\" class=\" dropdown-item\">Muestra Casa<\/a>\t<\/li><li id=\"menu-item-21696\" class=\"menu-item menu-item-type-post_type menu-item-object-page menu-item-21696 nav-item elementskit-mobile-builder-content\" data-vertical-menu=\"750px\"><a href=\"https:\/\/fecburgos.com\/index.php\/la-ubu-esta-de-moda\" class=\" dropdown-item\">La UBU est\u00e1 de MODA<\/a>\t<\/li><li id=\"menu-item-14278\" class=\"menu-item menu-item-type-post_type menu-item-object-page menu-item-14278 nav-item elementskit-mobile-builder-content\" data-vertical-menu=\"750px\"><a href=\"https:\/\/fecburgos.com\/index.php\/premios-comercio-excelente\" class=\" dropdown-item\">Premios Comercio Excelente<\/a>\t<\/li><li id=\"menu-item-14254\" class=\"menu-item menu-item-type-post_type menu-item-object-page menu-item-has-children menu-item-14254 nav-item elementskit-dropdown-has relative_position elementskit-dropdown-menu-default_width elementskit-mobile-builder-content\" data-vertical-menu=\"750px\"><a href=\"https:\/\/fecburgos.com\/index.php\/foro-comercio\" class=\" dropdown-item\">Foro Comercio<i aria-hidden=\"true\" class=\"icon icon-down-arrow1 elementskit-submenu-indicator\"><\/i><\/a>\n\t<ul class=\"elementskit-dropdown elementskit-submenu-panel\">\n\t\t<li id=\"menu-item-23053\" class=\"menu-item menu-item-type-post_type menu-item-object-page menu-item-23053 nav-item elementskit-mobile-builder-content\" data-vertical-menu=\"750px\"><a href=\"https:\/\/fecburgos.com\/index.php\/xi-foro-comercio\" class=\" dropdown-item\">XI Foro Comercio<\/a>\t\t<\/li><li id=\"menu-item-21847\" class=\"menu-item menu-item-type-custom menu-item-object-custom menu-item-21847 nav-item elementskit-mobile-builder-content\" data-vertical-menu=\"750px\"><a href=\"https:\/\/fecburgos.com\/index.php\/foro-comercio\" class=\" dropdown-item\">Ediciones anteriores<\/a>\t<\/li><\/ul>\n\t<\/li><li id=\"menu-item-14293\" class=\"menu-item menu-item-type-custom menu-item-object-custom menu-item-has-children menu-item-14293 nav-item elementskit-dropdown-has relative_position elementskit-dropdown-menu-default_width elementskit-mobile-builder-content\" data-vertical-menu=\"750px\"><a href=\"#\" class=\" dropdown-item\">Nuevas tecnolog\u00edas<i aria-hidden=\"true\" class=\"icon icon-down-arrow1 elementskit-submenu-indicator\"><\/i><\/a>\n\t<ul class=\"elementskit-dropdown elementskit-submenu-panel\">\n\t\t<li id=\"menu-item-14255\" class=\"menu-item menu-item-type-post_type menu-item-object-page menu-item-14255 nav-item elementskit-mobile-builder-content\" data-vertical-menu=\"750px\"><a href=\"https:\/\/fecburgos.com\/index.php\/giscom\" class=\" dropdown-item\">Giscom<\/a>\t\t<\/li><li id=\"menu-item-14268\" class=\"menu-item menu-item-type-post_type menu-item-object-page menu-item-14268 nav-item elementskit-mobile-builder-content\" data-vertical-menu=\"750px\"><a href=\"https:\/\/fecburgos.com\/index.php\/movilidad-comercial\" class=\" dropdown-item\">Movilidad Comercial<\/a>\t<\/li><\/ul>\n\t<\/li><li id=\"menu-item-14244\" class=\"menu-item menu-item-type-post_type menu-item-object-page menu-item-14244 nav-item elementskit-mobile-builder-content\" data-vertical-menu=\"750px\"><a href=\"https:\/\/fecburgos.com\/index.php\/campana-de-promocion\" class=\" dropdown-item\">Campa\u00f1a de Promoci\u00f3n<\/a>\t<\/li><li id=\"menu-item-14274\" class=\"menu-item menu-item-type-post_type menu-item-object-page menu-item-14274 nav-item elementskit-mobile-builder-content\" data-vertical-menu=\"750px\"><a href=\"https:\/\/fecburgos.com\/index.php\/participaciones-y-colaboraciones\" class=\" dropdown-item\">Participaci\u00f3n y Colaboraci\u00f3n<\/a><\/li><\/ul>\n<\/li>\n<li id=\"menu-item-15137\" class=\"menu-item menu-item-type-post_type menu-item-object-page menu-item-has-children menu-item-15137 nav-item elementskit-dropdown-has relative_position elementskit-dropdown-menu-default_width elementskit-mobile-builder-content\" data-vertical-menu=\"750px\"><a href=\"https:\/\/fecburgos.com\/index.php\/informacion\" class=\"ekit-menu-nav-link ekit-menu-dropdown-toggle\">Informaci\u00f3n<i aria-hidden=\"true\" class=\"icon icon-down-arrow1 elementskit-submenu-indicator\"><\/i><\/a>\n<ul class=\"elementskit-dropdown elementskit-submenu-panel\">\n\t<li id=\"menu-item-15195\" class=\"menu-item menu-item-type-post_type menu-item-object-page menu-item-has-children menu-item-15195 nav-item elementskit-dropdown-has relative_position elementskit-dropdown-menu-default_width elementskit-mobile-builder-content\" data-vertical-menu=\"750px\"><a href=\"https:\/\/fecburgos.com\/index.php\/ventajas-y-servicios\" class=\" dropdown-item\">Ventajas y Servicios<i aria-hidden=\"true\" class=\"icon icon-down-arrow1 elementskit-submenu-indicator\"><\/i><\/a>\n\t<ul class=\"elementskit-dropdown elementskit-submenu-panel\">\n\t\t<li id=\"menu-item-15292\" class=\"menu-item menu-item-type-custom menu-item-object-custom menu-item-15292 nav-item elementskit-mobile-builder-content\" data-vertical-menu=\"750px\"><a href=\"https:\/\/fecburgos.com\/index.php\/ventajas-y-servicios\" class=\" dropdown-item\">Asesoramiento<\/a>\t\t<\/li><li id=\"menu-item-15293\" class=\"menu-item menu-item-type-custom menu-item-object-custom menu-item-15293 nav-item elementskit-mobile-builder-content\" data-vertical-menu=\"750px\"><a href=\"https:\/\/fecburgos.com\/index.php\/ventajas-y-servicios#convenios\" class=\" dropdown-item\">Convenios<\/a>\t<\/li><\/ul>\n\t<\/li><li id=\"menu-item-14242\" class=\"menu-item menu-item-type-post_type menu-item-object-page menu-item-14242 nav-item elementskit-mobile-builder-content\" data-vertical-menu=\"750px\"><a href=\"https:\/\/fecburgos.com\/index.php\/bolsa-de-empleo\" class=\" dropdown-item\">Empleo | Traspasos comerciales<\/a>\t<\/li><li id=\"menu-item-14250\" class=\"menu-item menu-item-type-post_type menu-item-object-page menu-item-14250 nav-item elementskit-mobile-builder-content\" data-vertical-menu=\"750px\"><a href=\"https:\/\/fecburgos.com\/index.php\/convenios-colectivos\" class=\" dropdown-item\">Convenios Colectivos<\/a>\t<\/li><li id=\"menu-item-15139\" class=\"menu-item menu-item-type-post_type menu-item-object-page menu-item-15139 nav-item elementskit-mobile-builder-content\" data-vertical-menu=\"750px\"><a href=\"https:\/\/fecburgos.com\/index.php\/normativa\" class=\" dropdown-item\">Normativa<\/a>\t<\/li><li id=\"menu-item-14261\" class=\"menu-item menu-item-type-post_type menu-item-object-page menu-item-has-children menu-item-14261 nav-item elementskit-dropdown-has relative_position elementskit-dropdown-menu-default_width elementskit-mobile-builder-content\" data-vertical-menu=\"750px\"><a href=\"https:\/\/fecburgos.com\/index.php\/guias\" class=\" dropdown-item\">Gu\u00edas<i aria-hidden=\"true\" class=\"icon icon-down-arrow1 elementskit-submenu-indicator\"><\/i><\/a>\n\t<ul class=\"elementskit-dropdown elementskit-submenu-panel\">\n\t\t<li id=\"menu-item-14256\" class=\"menu-item menu-item-type-post_type menu-item-object-page menu-item-14256 nav-item elementskit-mobile-builder-content\" data-vertical-menu=\"750px\"><a href=\"https:\/\/fecburgos.com\/index.php\/guia-alimentacion\" class=\" dropdown-item\">Gu\u00eda alimentaci\u00f3n<\/a>\t\t<\/li><li id=\"menu-item-14257\" class=\"menu-item menu-item-type-post_type menu-item-object-page menu-item-14257 nav-item elementskit-mobile-builder-content\" data-vertical-menu=\"750px\"><a href=\"https:\/\/fecburgos.com\/index.php\/guia-equipamiento-de-la-persona\" class=\" dropdown-item\">Gu\u00eda Equipamiento de la Persona<\/a>\t\t<\/li><li id=\"menu-item-14258\" class=\"menu-item menu-item-type-post_type menu-item-object-page menu-item-14258 nav-item elementskit-mobile-builder-content\" data-vertical-menu=\"750px\"><a href=\"https:\/\/fecburgos.com\/index.php\/guia-equipamiento-del-hogar\" class=\" dropdown-item\">Gu\u00eda Equipamiento del Hogar<\/a>\t\t<\/li><li id=\"menu-item-14260\" class=\"menu-item menu-item-type-post_type menu-item-object-page menu-item-14260 nav-item elementskit-mobile-builder-content\" data-vertical-menu=\"750px\"><a href=\"https:\/\/fecburgos.com\/index.php\/guia-servicios-profesionales\" class=\" dropdown-item\">Gu\u00eda Servicios Profesionales<\/a>\t\t<\/li><li id=\"menu-item-14259\" class=\"menu-item menu-item-type-post_type menu-item-object-page menu-item-14259 nav-item elementskit-mobile-builder-content\" data-vertical-menu=\"750px\"><a href=\"https:\/\/fecburgos.com\/index.php\/guia-rrhh\" class=\" dropdown-item\">Gu\u00eda RRHH<\/a>\t\t<\/li><li id=\"menu-item-15152\" class=\"menu-item menu-item-type-custom menu-item-object-custom menu-item-15152 nav-item elementskit-mobile-builder-content\" data-vertical-menu=\"750px\"><a href=\"https:\/\/fecburgos.com\/wp-content\/uploads\/2021\/05\/GuiadeReformadeLocalesComerciales.pdf\" class=\" dropdown-item\">Gu\u00eda reforma de locales comerciales<\/a>\t<\/li><\/ul>\n\t<\/li><li id=\"menu-item-14252\" class=\"menu-item menu-item-type-post_type menu-item-object-page menu-item-14252 nav-item elementskit-mobile-builder-content\" data-vertical-menu=\"750px\"><a href=\"https:\/\/fecburgos.com\/index.php\/diez-razones-para-asociarse\" class=\" dropdown-item\">Diez Razones para Asociarte<\/a>\t<\/li><li id=\"menu-item-15530\" class=\"menu-item menu-item-type-custom menu-item-object-custom menu-item-15530 nav-item elementskit-mobile-builder-content\" data-vertical-menu=\"750px\"><a href=\"https:\/\/fecburgos.com\/wp-content\/uploads\/2026\/02\/calendariolaboral2026.jpg\" class=\" dropdown-item\">Calendario laboral<\/a>\t<\/li><li id=\"menu-item-15531\" class=\"menu-item menu-item-type-custom menu-item-object-custom menu-item-15531 nav-item elementskit-mobile-builder-content\" data-vertical-menu=\"750px\"><a href=\"https:\/\/fecburgos.com\/wp-content\/uploads\/2021\/05\/CatalogoIntervencionesPrioritarias.pdf\" class=\" dropdown-item\">Cat\u00e1logo espacio urbano<\/a><\/li><\/ul>\n<\/li>\n<li id=\"menu-item-14241\" class=\"menu-item menu-item-type-post_type menu-item-object-page menu-item-14241 nav-item elementskit-mobile-builder-content\" data-vertical-menu=\"750px\"><a href=\"https:\/\/fecburgos.com\/index.php\/blog\" class=\"ekit-menu-nav-link\">Blog<\/a><\/li>\n<li id=\"menu-item-14904\" class=\"menu-item menu-item-type-post_type menu-item-object-page menu-item-14904 nav-item elementskit-mobile-builder-content\" data-vertical-menu=\"750px\"><a href=\"https:\/\/fecburgos.com\/index.php\/asociate\" class=\"ekit-menu-nav-link\">As\u00f3ciate<\/a><\/li>\n<\/ul><div class=\"elementskit-nav-identity-panel\"><button class=\"elementskit-menu-close elementskit-menu-toggler\" type=\"button\">X<\/button><\/div><\/div>\n\t\t\t<div class=\"elementskit-menu-overlay elementskit-menu-offcanvas-elements elementskit-menu-toggler ekit-nav-menu--overlay\"><\/div>        <\/nav>\n\t\t\t\t\t\t<\/div>\n\t\t\t\t<\/div>\n\t\t\t\t\t<\/div>\n\t\t<\/div>\n\t\t\t\t\t<\/div>\n\t\t<\/section>\n\t\t\t\t<section class=\"elementor-section elementor-top-section elementor-element elementor-element-4517a89e elementor-section-boxed elementor-section-height-default elementor-section-height-default\" data-id=\"4517a89e\" data-element_type=\"section\" data-e-type=\"section\">\n\t\t\t\t\t\t<div class=\"elementor-container elementor-column-gap-default\">\n\t\t\t\t\t<div class=\"elementor-column elementor-col-100 elementor-top-column elementor-element elementor-element-2ffa50eb\" data-id=\"2ffa50eb\" data-element_type=\"column\" data-e-type=\"column\">\n\t\t\t<div class=\"elementor-widget-wrap elementor-element-populated\">\n\t\t\t\t\t\t<div class=\"elementor-element elementor-element-686ef6a1 elementor-widget elementor-widget-text-editor\" data-id=\"686ef6a1\" data-element_type=\"widget\" data-e-type=\"widget\" data-widget_type=\"text-editor.default\">\n\t\t\t\t<div class=\"elementor-widget-container\">\n\t\t\t\t\t\t\t\t\t<p><strong>Taller pr\u00e1ctico. \u201cLa carnicer\u00eda francesa: Cortes y T\u00e9cnicas Innovadoras en las carnicer\u00edas\u201d<\/strong><\/p>\t\t\t\t\t\t\t\t<\/div>\n\t\t\t\t<\/div>\n\t\t\t\t<div class=\"elementor-element elementor-element-1146c819 elementor-widget elementor-widget-image\" data-id=\"1146c819\" data-element_type=\"widget\" data-e-type=\"widget\" data-widget_type=\"image.default\">\n\t\t\t\t<div class=\"elementor-widget-container\">\n\t\t\t\t\t\t\t\t\t\t\t\t\t\t\t<img decoding=\"async\" width=\"1024\" height=\"578\" src=\"https:\/\/fecburgos.com\/wp-content\/uploads\/2022\/06\/WhatsApp-Image-2022-06-14-at-12.21.59-PM-1024x578.jpeg\" class=\"attachment-large size-large wp-image-8124\" alt=\"\" srcset=\"https:\/\/fecburgos.com\/wp-content\/uploads\/2022\/06\/WhatsApp-Image-2022-06-14-at-12.21.59-PM-1024x578.jpeg 1024w, https:\/\/fecburgos.com\/wp-content\/uploads\/2022\/06\/WhatsApp-Image-2022-06-14-at-12.21.59-PM-300x169.jpeg 300w, https:\/\/fecburgos.com\/wp-content\/uploads\/2022\/06\/WhatsApp-Image-2022-06-14-at-12.21.59-PM-768x433.jpeg 768w, https:\/\/fecburgos.com\/wp-content\/uploads\/2022\/06\/WhatsApp-Image-2022-06-14-at-12.21.59-PM-1536x867.jpeg 1536w, https:\/\/fecburgos.com\/wp-content\/uploads\/2022\/06\/WhatsApp-Image-2022-06-14-at-12.21.59-PM.jpeg 1600w\" sizes=\"(max-width: 1024px) 100vw, 1024px\">\t\t\t\t\t\t\t\t\t\t\t\t\t\t\t<\/div>\n\t\t\t\t<\/div>\n\t\t\t\t<div class=\"elementor-element elementor-element-190863e1 elementor-widget elementor-widget-text-editor\" data-id=\"190863e1\" data-element_type=\"widget\" data-e-type=\"widget\" data-widget_type=\"text-editor.default\">\n\t\t\t\t<div class=\"elementor-widget-container\">\n\t\t\t\t\t\t\t\t\t<p>La Federaci\u00f3n de Comercio de Burgos (FEC Burgos) junto con la Asociaci\u00f3n de Comerciantes Minoristas de la Carne (GRECABUR) , con la colaboraci\u00f3n de la Junta de Castilla y Le\u00f3n, celebr\u00f3, el domingo, 29 de mayo el taller pr\u00e1ctico denominado \u201c<strong>LA CARNICER\u00cdA FRANCESA: CORTES Y T\u00c9CNICAS INNOVADORAS EN LAS CARNICER\u00cdAS\u201d<\/strong> dirigido a\u00a0profesionales de la carnicer\u00eda\/charcuter\u00eda. Impartido por dos profesionales de la \u201cBouche qui rit\u201d, carnicer\u00eda\/charcuter\u00eda de Barcelona con dos establecimientos, reconocida por su innovador trabajo en el sector.<\/p><p>Un taller pr\u00e1ctico dirigido al sector de las carnicer\u00edas\/charcuter\u00edas, dedicado al corte y despiece franc\u00e9s, y presentaci\u00f3n de producto, que tiene como objetivo contribuir al reciclaje profesional y a ampliar el conocimiento sobre nuevas t\u00e9cnicas y cortes innovadores, \u00a0que dar\u00e1n la oportunidad a los profesionales de la carnicer\u00eda\u00a0 de adaptarse a las nuevas tendencias de consumo, renovar la oferta de productos, conseguir un \u00a0mejor aprovechamiento de las materias primas y \u00a0diferenciarse y ser m\u00e1s competitivos.<\/p><p>Los asistentes pudieron aprender las nuevas t\u00e9cnicas y cortes para aplicarlos en sus carnicer\u00edas. As\u00ed como conocer y degustar numerosos platos realizados por la carnicer\u00eda La Bouche qui rit.<\/p>\t\t\t\t\t\t\t\t<\/div>\n\t\t\t\t<\/div>\n\t\t\t\t\t<\/div>\n\t\t<\/div>\n\t\t\t\t\t<\/div>\n\t\t<\/section>\n\t\t\t\t<section class=\"elementor-section elementor-top-section elementor-element elementor-element-5af4f15 elementor-section-boxed elementor-section-height-default elementor-section-height-default\" data-id=\"5af4f15\" data-element_type=\"section\" data-e-type=\"section\" data-settings='{\"background_background\":\"classic\"}'>\n\t\t\t\t\t\t<div class=\"elementor-container elementor-column-gap-default\">\n\t\t\t\t\t<div class=\"elementor-column elementor-col-25 elementor-top-column elementor-element elementor-element-68c1db63\" data-id=\"68c1db63\" data-element_type=\"column\" data-e-type=\"column\">\n\t\t\t<div class=\"elementor-widget-wrap elementor-element-populated\">\n\t\t\t\t\t\t<div class=\"elementor-element elementor-element-4c9bd5d elementor-widget elementor-widget-text-editor\" data-id=\"4c9bd5d\" data-element_type=\"widget\" data-e-type=\"widget\" data-widget_type=\"text-editor.default\">\n\t\t\t\t<div class=\"elementor-widget-container\">\n\t\t\t\t\t\t\t\t\t<p>Encu\u00e9ntranos en Burgos<\/p>\t\t\t\t\t\t\t\t<\/div>\n\t\t\t\t<\/div>\n\t\t\t\t<div class=\"elementor-element elementor-element-259c1b94 elementor-widget elementor-widget-html\" data-id=\"259c1b94\" data-element_type=\"widget\" data-e-type=\"widget\" data-widget_type=\"html.default\">\n\t\t\t\t<div class=\"elementor-widget-container\">\n\t\t\t\t\t<iframe frameborder=\"0\" scrolling=\"no\" marginheight=\"0\" marginwidth=\"0\" height=\"350\" src=\"https:\/\/maps.google.com\/maps?q=federaci%C3%B3n%20de%20comercio%20burgos&amp;t=m&amp;z=15&amp;output=embed&amp;iwloc=near\" aria-label=\"federaci\u00f3n de comercio burgos\"><\/iframe>\t\t\t\t<\/div>\n\t\t\t\t<\/div>\n\t\t\t\t\t<\/div>\n\t\t<\/div>\n\t\t\t\t<div class=\"elementor-column elementor-col-25 elementor-top-column elementor-element elementor-element-60838a64\" data-id=\"60838a64\" data-element_type=\"column\" data-e-type=\"column\">\n\t\t\t<div class=\"elementor-widget-wrap\">\n\t\t\t\t\t\t\t<\/div>\n\t\t<\/div>\n\t\t\t\t<div class=\"elementor-column elementor-col-25 elementor-top-column elementor-element elementor-element-3a556d12\" data-id=\"3a556d12\" data-element_type=\"column\" data-e-type=\"column\">\n\t\t\t<div class=\"elementor-widget-wrap elementor-element-populated\">\n\t\t\t\t\t\t<div class=\"elementor-element elementor-element-5df0ca82 elementor-widget elementor-widget-text-editor\" data-id=\"5df0ca82\" data-element_type=\"widget\" data-e-type=\"widget\" data-widget_type=\"text-editor.default\">\n\t\t\t\t<div class=\"elementor-widget-container\">\n\t\t\t\t\t\t\t\t\t<p>Direcci\u00f3n<\/p>\t\t\t\t\t\t\t\t<\/div>\n\t\t\t\t<\/div>\n\t\t\t\t<div class=\"elementor-element elementor-element-3f1aed76 elementor-widget elementor-widget-text-editor\" data-id=\"3f1aed76\" data-element_type=\"widget\" data-e-type=\"widget\" data-widget_type=\"text-editor.default\">\n\t\t\t\t<div class=\"elementor-widget-container\">\n\t\t\t\t\t\t\t\t\t<p>Av Castilla y Le\u00f3n 22 2\u00aa Planta<\/p><p>Burgos 09006<\/p>\t\t\t\t\t\t\t\t<\/div>\n\t\t\t\t<\/div>\n\t\t\t\t<div class=\"elementor-element elementor-element-1fe869a0 elementor-widget-divider--view-line elementor-widget elementor-widget-divider\" data-id=\"1fe869a0\" data-element_type=\"widget\" data-e-type=\"widget\" data-widget_type=\"divider.default\">\n\t\t\t\t<div class=\"elementor-widget-container\">\n\t\t\t\t\t\t\t<div class=\"elementor-divider\">\n\t\t\t<span class=\"elementor-divider-separator\">\n\t\t\t\t\t\t<\/span>\n\t\t<\/div>\n\t\t\t\t\t\t<\/div>\n\t\t\t\t<\/div>\n\t\t\t\t<div class=\"elementor-element elementor-element-3e43fea1 elementor-widget elementor-widget-text-editor\" data-id=\"3e43fea1\" data-element_type=\"widget\" data-e-type=\"widget\" data-widget_type=\"text-editor.default\">\n\t\t\t\t<div class=\"elementor-widget-container\">\n\t\t\t\t\t\t\t\t\t<p>Contacto<\/p>\t\t\t\t\t\t\t\t<\/div>\n\t\t\t\t<\/div>\n\t\t\t\t<div class=\"elementor-element elementor-element-39551cd1 elementor-widget elementor-widget-text-editor\" data-id=\"39551cd1\" data-element_type=\"widget\" data-e-type=\"widget\" data-widget_type=\"text-editor.default\">\n\t\t\t\t<div class=\"elementor-widget-container\">\n\t\t\t\t\t\t\t\t\t<p>Tel. 947 237 699<\/p><p>Email\u00a0 fec@fecburgos.com<\/p>\t\t\t\t\t\t\t\t<\/div>\n\t\t\t\t<\/div>\n\t\t\t\t<div class=\"elementor-element elementor-element-412feac elementor-widget-divider--view-line elementor-widget elementor-widget-divider\" data-id=\"412feac\" data-element_type=\"widget\" data-e-type=\"widget\" data-widget_type=\"divider.default\">\n\t\t\t\t<div class=\"elementor-widget-container\">\n\t\t\t\t\t\t\t<div class=\"elementor-divider\">\n\t\t\t<span class=\"elementor-divider-separator\">\n\t\t\t\t\t\t<\/span>\n\t\t<\/div>\n\t\t\t\t\t\t<\/div>\n\t\t\t\t<\/div>\n\t\t\t\t<div class=\"elementor-element elementor-element-182850c3 elementor-shape-circle e-grid-align-left elementor-grid-0 elementor-widget elementor-widget-social-icons\" data-id=\"182850c3\" data-element_type=\"widget\" data-e-type=\"widget\" data-widget_type=\"social-icons.default\">\n\t\t\t\t<div class=\"elementor-widget-container\">\n\t\t\t\t\t\t\t<div class=\"elementor-social-icons-wrapper elementor-grid\" role=\"list\">\n\t\t\t\t\t\t\t<span class=\"elementor-grid-item\" role=\"listitem\">\n\t\t\t\t\t<a class=\"elementor-icon elementor-social-icon elementor-social-icon-facebook elementor-repeater-item-fad8c24\" href=\"https:\/\/www.facebook.com\/federacioncomercioburgos\/\" target=\"_blank\">\n\t\t\t\t\t\t<span class=\"elementor-screen-only\">Facebook<\/span>\n\t\t\t\t\t\t<i aria-hidden=\"true\" class=\"fab fa-facebook\"><\/i>\t\t\t\t\t<\/a>\n\t\t\t\t<\/span>\n\t\t\t\t\t\t\t<span class=\"elementor-grid-item\" role=\"listitem\">\n\t\t\t\t\t<a class=\"elementor-icon elementor-social-icon elementor-social-icon-twitter elementor-repeater-item-d0b82d1\" href=\"https:\/\/www.twitter.com\/FecBurgos\" target=\"_blank\">\n\t\t\t\t\t\t<span class=\"elementor-screen-only\">Twitter<\/span>\n\t\t\t\t\t\t<i aria-hidden=\"true\" class=\"fab fa-twitter\"><\/i>\t\t\t\t\t<\/a>\n\t\t\t\t<\/span>\n\t\t\t\t\t\t\t<span class=\"elementor-grid-item\" role=\"listitem\">\n\t\t\t\t\t<a class=\"elementor-icon elementor-social-icon elementor-social-icon-instagram elementor-repeater-item-f828413\" href=\"https:\/\/www.instagram.com\/fecburgos\" target=\"_blank\">\n\t\t\t\t\t\t<span class=\"elementor-screen-only\">Instagram<\/span>\n\t\t\t\t\t\t<i aria-hidden=\"true\" class=\"fab fa-instagram\"><\/i>\t\t\t\t\t<\/a>\n\t\t\t\t<\/span>\n\t\t\t\t\t\t\t<span class=\"elementor-grid-item\" role=\"listitem\">\n\t\t\t\t\t<a class=\"elementor-icon elementor-social-icon elementor-social-icon-youtube elementor-repeater-item-92e68b7\" href=\"https:\/\/www.youtube.com\/channel\/UCG8Hz46O5uJDBQqgCJg8ChQ\" target=\"_blank\">\n\t\t\t\t\t\t<span class=\"elementor-screen-only\">Youtube<\/span>\n\t\t\t\t\t\t<i aria-hidden=\"true\" class=\"fab fa-youtube\"><\/i>\t\t\t\t\t<\/a>\n\t\t\t\t<\/span>\n\t\t\t\t\t<\/div>\n\t\t\t\t\t\t<\/div>\n\t\t\t\t<\/div>\n\t\t\t\t\t<\/div>\n\t\t<\/div>\n\t\t\t\t<div class=\"elementor-column elementor-col-25 elementor-top-column elementor-element elementor-element-5e9af18f\" data-id=\"5e9af18f\" data-element_type=\"column\" data-e-type=\"column\">\n\t\t\t<div class=\"elementor-widget-wrap elementor-element-populated\">\n\t\t\t\t\t\t<div class=\"elementor-element elementor-element-1ba48762 elementor-widget elementor-widget-text-editor\" data-id=\"1ba48762\" data-element_type=\"widget\" data-e-type=\"widget\" data-widget_type=\"text-editor.default\">\n\t\t\t\t<div class=\"elementor-widget-container\">\n\t\t\t\t\t\t\t\t\t<p>\u00daltimas Noticias<\/p>\t\t\t\t\t\t\t\t<\/div>\n\t\t\t\t<\/div>\n\t\t\t\t<div class=\"elementor-element elementor-element-14e4a698 elementor-widget elementor-widget-html\" data-id=\"14e4a698\" data-element_type=\"widget\" data-e-type=\"widget\" data-widget_type=\"html.default\">\n\t\t\t\t<div class=\"elementor-widget-container\">\n\t\t\t\t\t<iframe src=\"https:\/\/www.facebook.com\/plugins\/page.php?href=https%3A%2F%2Fwww.facebook.com%2Ffederacioncomercioburgos%2F&amp;tabs=timeline&amp;width=340&amp;height=500&amp;small_header=false&amp;adapt_container_width=true&amp;hide_cover=false&amp;show_facepile=true&amp;appId=142539123146453\" width=\"340\" height=\"350\" style=\"border:none;overflow:hidden\" scrolling=\"no\" frameborder=\"0\" allowtransparency=\"true\" allow=\"encrypted-media\"><\/iframe>\t\t\t\t<\/div>\n\t\t\t\t<\/div>\n\t\t\t\t\t<\/div>\n\t\t<\/div>\n\t\t\t\t\t<\/div>\n\t\t<\/section>\n\t\t\t\t<section class=\"elementor-section elementor-top-section elementor-element elementor-element-2d370fc elementor-section-boxed elementor-section-height-default elementor-section-height-default\" data-id=\"2d370fc\" data-element_type=\"section\" data-e-type=\"section\">\n\t\t\t\t\t\t<div class=\"elementor-container elementor-column-gap-default\">\n\t\t\t\t\t<div class=\"elementor-column elementor-col-25 elementor-top-column elementor-element elementor-element-181cda87\" data-id=\"181cda87\" data-element_type=\"column\" data-e-type=\"column\">\n\t\t\t<div class=\"elementor-widget-wrap elementor-element-populated\">\n\t\t\t\t\t\t<div class=\"elementor-element elementor-element-10d3734a elementor-widget elementor-widget-image\" data-id=\"10d3734a\" data-element_type=\"widget\" data-e-type=\"widget\" data-widget_type=\"image.default\">\n\t\t\t\t<div class=\"elementor-widget-container\">\n\t\t\t\t\t\t\t\t\t\t\t\t\t\t\t\t<a href=\"http:\/\/www.aytoburgos.es\/\">\n\t\t\t\t\t\t\t<img decoding=\"async\" width=\"300\" height=\"124\" src=\"https:\/\/fecburgos.com\/wp-content\/uploads\/2020\/05\/AYUNTAMIENTO-BURGOS-300x124.png\" class=\"attachment-medium size-medium wp-image-330\" alt=\"\" srcset=\"https:\/\/fecburgos.com\/wp-content\/uploads\/2020\/05\/AYUNTAMIENTO-BURGOS-300x124.png 300w, https:\/\/fecburgos.com\/wp-content\/uploads\/2020\/05\/AYUNTAMIENTO-BURGOS-768x317.png 768w, https:\/\/fecburgos.com\/wp-content\/uploads\/2020\/05\/AYUNTAMIENTO-BURGOS.png 851w\" sizes=\"(max-width: 300px) 100vw, 300px\">\t\t\t\t\t\t\t\t<\/a>\n\t\t\t\t\t\t\t\t\t\t\t\t\t\t\t<\/div>\n\t\t\t\t<\/div>\n\t\t\t\t\t<\/div>\n\t\t<\/div>\n\t\t\t\t<div class=\"elementor-column elementor-col-25 elementor-top-column elementor-element elementor-element-3024668d\" data-id=\"3024668d\" data-element_type=\"column\" data-e-type=\"column\">\n\t\t\t<div class=\"elementor-widget-wrap elementor-element-populated\">\n\t\t\t\t\t\t<div class=\"elementor-element elementor-element-144ecd1c elementor-widget elementor-widget-image\" data-id=\"144ecd1c\" data-element_type=\"widget\" data-e-type=\"widget\" data-widget_type=\"image.default\">\n\t\t\t\t<div class=\"elementor-widget-container\">\n\t\t\t\t\t\t\t\t\t\t\t\t\t\t\t\t<a href=\"https:\/\/www.jcyl.es\/\">\n\t\t\t\t\t\t\t<img loading=\"lazy\" decoding=\"async\" width=\"190\" height=\"85\" src=\"https:\/\/fecburgos.com\/wp-content\/uploads\/2020\/05\/jcyl-fondo-blanco.png\" class=\"attachment-large size-large wp-image-1810\" alt=\"\">\t\t\t\t\t\t\t\t<\/a>\n\t\t\t\t\t\t\t\t\t\t\t\t\t\t\t<\/div>\n\t\t\t\t<\/div>\n\t\t\t\t\t<\/div>\n\t\t<\/div>\n\t\t\t\t<div class=\"elementor-column elementor-col-25 elementor-top-column elementor-element elementor-element-1eb9e11a\" data-id=\"1eb9e11a\" data-element_type=\"column\" data-e-type=\"column\">\n\t\t\t<div class=\"elementor-widget-wrap\">\n\t\t\t\t\t\t\t<\/div>\n\t\t<\/div>\n\t\t\t\t<div class=\"elementor-column elementor-col-25 elementor-top-column elementor-element elementor-element-3efae274\" data-id=\"3efae274\" data-element_type=\"column\" data-e-type=\"column\">\n\t\t\t<div class=\"elementor-widget-wrap elementor-element-populated\">\n\t\t\t\t\t\t<div class=\"elementor-element elementor-element-5c3bce18 elementor-widget elementor-widget-text-editor\" data-id=\"5c3bce18\" data-element_type=\"widget\" data-e-type=\"widget\" data-widget_type=\"text-editor.default\">\n\t\t\t\t<div class=\"elementor-widget-container\">\n\t\t\t\t\t\t\t\t\t<a style=\"color:#8a8a8a\" href=\"http:\/\/fecburgos.com\/index.php\/aviso-legal\">Aviso Legal<\/a>\t\t\t\t\t\t\t\t<\/div>\n\t\t\t\t<\/div>\n\t\t\t\t\t<\/div>\n\t\t<\/div>\n\t\t\t\t\t<\/div>\n\t\t<\/section>\n\t\t\t\t<\/div>\n\t\t","protected":false},"excerpt":{"rendered":"<p>FEC Burgos junto con GRECABUR, con la colaboraci\u00f3n de la Junta de Castilla y Le\u00f3n, celebr\u00f3, el 29 de mayo el taller pr\u00e1ctico denominado \u201cLA CARNICER\u00cdA FRANCESA: CORTES Y T\u00c9CNICAS INNOVADORAS EN LAS CARNICER\u00cdAS\u201d.<\/p>\n","protected":false},"author":1,"featured_media":8124,"comment_status":"open","ping_status":"open","sticky":false,"template":"elementor_canvas","format":"standard","meta":{"footnotes":""},"categories":[8],"tags":[],"class_list":["post-8104","post","type-post","status-publish","format-standard","has-post-thumbnail","hentry","category-evento"],"yoast_head":"<!-- This site is optimized with the Yoast SEO plugin v27.5 - https:\/\/yoast.com\/product\/yoast-seo-wordpress\/ -->\r\n<title>Taller pr\u00e1ctico. \u201cLa carnicer\u00eda francesa: Cortes y T\u00e9cnicas Innovadoras en las carnicer\u00edas\u201d - FecBurgos<\/title>\r\n<meta name=\"robots\" content=\"index, follow, max-snippet:-1, max-image-preview:large, max-video-preview:-1\" \/>\r\n<link rel=\"canonical\" href=\"https:\/\/fecburgos.com\/index.php\/archivos\/8104\" \/>\r\n<meta property=\"og:locale\" content=\"es_ES\" \/>\r\n<meta property=\"og:type\" content=\"article\" \/>\r\n<meta property=\"og:title\" content=\"Taller pr\u00e1ctico. \u201cLa carnicer\u00eda francesa: Cortes y T\u00e9cnicas Innovadoras en las carnicer\u00edas\u201d - FecBurgos\" \/>\r\n<meta property=\"og:description\" content=\"FEC Burgos junto con GRECABUR, con la colaboraci\u00f3n de la Junta de Castilla y Le\u00f3n, celebr\u00f3, el 29 de mayo el taller pr\u00e1ctico denominado \u201cLA CARNICER\u00cdA FRANCESA: CORTES Y T\u00c9CNICAS INNOVADORAS EN LAS CARNICER\u00cdAS\u201d.\" \/>\r\n<meta property=\"og:url\" content=\"https:\/\/fecburgos.com\/index.php\/archivos\/8104\" \/>\r\n<meta property=\"og:site_name\" content=\"FecBurgos\" \/>\r\n<meta property=\"article:published_time\" content=\"2022-06-14T08:24:14+00:00\" \/>\r\n<meta property=\"article:modified_time\" content=\"2022-06-14T10:40:47+00:00\" \/>\r\n<meta property=\"og:image\" content=\"http:\/\/fecburgos.com\/wp-content\/uploads\/2022\/06\/WhatsApp-Image-2022-06-14-at-12.21.59-PM.jpeg\" \/>\r\n\t<meta property=\"og:image:width\" content=\"1600\" \/>\r\n\t<meta property=\"og:image:height\" content=\"903\" \/>\r\n\t<meta property=\"og:image:type\" content=\"image\/jpeg\" \/>\r\n<meta name=\"author\" content=\"comerbur\" \/>\r\n<meta name=\"twitter:card\" content=\"summary_large_image\" \/>\r\n<meta name=\"twitter:label1\" content=\"Escrito por\" \/>\n\t<meta name=\"twitter:data1\" content=\"comerbur\" \/>\n\t<meta name=\"twitter:label2\" content=\"Tiempo de lectura\" \/>\n\t<meta name=\"twitter:data2\" content=\"3 minutos\" \/>\r\n<script type=\"application\/ld+json\" class=\"yoast-schema-graph\">{\"@context\":\"https:\\\/\\\/schema.org\",\"@graph\":[{\"@type\":\"Article\",\"@id\":\"https:\\\/\\\/fecburgos.com\\\/index.php\\\/archivos\\\/8104#article\",\"isPartOf\":{\"@id\":\"https:\\\/\\\/fecburgos.com\\\/index.php\\\/archivos\\\/8104\"},\"author\":{\"name\":\"comerbur\",\"@id\":\"https:\\\/\\\/fecburgos.com\\\/#\\\/schema\\\/person\\\/58415e04731d3b7826555683d6f88ed7\"},\"headline\":\"Taller pr\u00e1ctico. \u201cLa carnicer\u00eda francesa: Cortes y T\u00e9cnicas Innovadoras en las carnicer\u00edas\u201d\",\"datePublished\":\"2022-06-14T08:24:14+00:00\",\"dateModified\":\"2022-06-14T10:40:47+00:00\",\"mainEntityOfPage\":{\"@id\":\"https:\\\/\\\/fecburgos.com\\\/index.php\\\/archivos\\\/8104\"},\"wordCount\":415,\"commentCount\":0,\"publisher\":{\"@id\":\"https:\\\/\\\/fecburgos.com\\\/#organization\"},\"image\":{\"@id\":\"https:\\\/\\\/fecburgos.com\\\/index.php\\\/archivos\\\/8104#primaryimage\"},\"thumbnailUrl\":\"https:\\\/\\\/fecburgos.com\\\/wp-content\\\/uploads\\\/2022\\\/06\\\/WhatsApp-Image-2022-06-14-at-12.21.59-PM.jpeg\",\"articleSection\":[\"Evento\"],\"inLanguage\":\"es\",\"potentialAction\":[{\"@type\":\"CommentAction\",\"name\":\"Comment\",\"target\":[\"https:\\\/\\\/fecburgos.com\\\/index.php\\\/archivos\\\/8104#respond\"]}]},{\"@type\":\"WebPage\",\"@id\":\"https:\\\/\\\/fecburgos.com\\\/index.php\\\/archivos\\\/8104\",\"url\":\"https:\\\/\\\/fecburgos.com\\\/index.php\\\/archivos\\\/8104\",\"name\":\"Taller pr\u00e1ctico. \u201cLa carnicer\u00eda francesa: Cortes y T\u00e9cnicas Innovadoras en las carnicer\u00edas\u201d - FecBurgos\",\"isPartOf\":{\"@id\":\"https:\\\/\\\/fecburgos.com\\\/#website\"},\"primaryImageOfPage\":{\"@id\":\"https:\\\/\\\/fecburgos.com\\\/index.php\\\/archivos\\\/8104#primaryimage\"},\"image\":{\"@id\":\"https:\\\/\\\/fecburgos.com\\\/index.php\\\/archivos\\\/8104#primaryimage\"},\"thumbnailUrl\":\"https:\\\/\\\/fecburgos.com\\\/wp-content\\\/uploads\\\/2022\\\/06\\\/WhatsApp-Image-2022-06-14-at-12.21.59-PM.jpeg\",\"datePublished\":\"2022-06-14T08:24:14+00:00\",\"dateModified\":\"2022-06-14T10:40:47+00:00\",\"breadcrumb\":{\"@id\":\"https:\\\/\\\/fecburgos.com\\\/index.php\\\/archivos\\\/8104#breadcrumb\"},\"inLanguage\":\"es\",\"potentialAction\":[{\"@type\":\"ReadAction\",\"target\":[\"https:\\\/\\\/fecburgos.com\\\/index.php\\\/archivos\\\/8104\"]}]},{\"@type\":\"ImageObject\",\"inLanguage\":\"es\",\"@id\":\"https:\\\/\\\/fecburgos.com\\\/index.php\\\/archivos\\\/8104#primaryimage\",\"url\":\"https:\\\/\\\/fecburgos.com\\\/wp-content\\\/uploads\\\/2022\\\/06\\\/WhatsApp-Image-2022-06-14-at-12.21.59-PM.jpeg\",\"contentUrl\":\"https:\\\/\\\/fecburgos.com\\\/wp-content\\\/uploads\\\/2022\\\/06\\\/WhatsApp-Image-2022-06-14-at-12.21.59-PM.jpeg\",\"width\":1600,\"height\":903},{\"@type\":\"BreadcrumbList\",\"@id\":\"https:\\\/\\\/fecburgos.com\\\/index.php\\\/archivos\\\/8104#breadcrumb\",\"itemListElement\":[{\"@type\":\"ListItem\",\"position\":1,\"name\":\"Portada\",\"item\":\"https:\\\/\\\/fecburgos.com\\\/\"},{\"@type\":\"ListItem\",\"position\":2,\"name\":\"Taller pr\u00e1ctico. \u201cLa carnicer\u00eda francesa: Cortes y T\u00e9cnicas Innovadoras en las carnicer\u00edas\u201d\"}]},{\"@type\":\"WebSite\",\"@id\":\"https:\\\/\\\/fecburgos.com\\\/#website\",\"url\":\"https:\\\/\\\/fecburgos.com\\\/\",\"name\":\"FecBurgos\",\"description\":\"Federaci\u00f3n de Empresarios de Comercio de Burgos\",\"publisher\":{\"@id\":\"https:\\\/\\\/fecburgos.com\\\/#organization\"},\"potentialAction\":[{\"@type\":\"SearchAction\",\"target\":{\"@type\":\"EntryPoint\",\"urlTemplate\":\"https:\\\/\\\/fecburgos.com\\\/?s={search_term_string}\"},\"query-input\":{\"@type\":\"PropertyValueSpecification\",\"valueRequired\":true,\"valueName\":\"search_term_string\"}}],\"inLanguage\":\"es\"},{\"@type\":\"Organization\",\"@id\":\"https:\\\/\\\/fecburgos.com\\\/#organization\",\"name\":\"FecBurgos\",\"url\":\"https:\\\/\\\/fecburgos.com\\\/\",\"logo\":{\"@type\":\"ImageObject\",\"inLanguage\":\"es\",\"@id\":\"https:\\\/\\\/fecburgos.com\\\/#\\\/schema\\\/logo\\\/image\\\/\",\"url\":\"https:\\\/\\\/fecburgos.com\\\/wp-content\\\/uploads\\\/2020\\\/05\\\/cropped-cropped-LogoFEC-150x150-1.png\",\"contentUrl\":\"https:\\\/\\\/fecburgos.com\\\/wp-content\\\/uploads\\\/2020\\\/05\\\/cropped-cropped-LogoFEC-150x150-1.png\",\"width\":150,\"height\":135,\"caption\":\"FecBurgos\"},\"image\":{\"@id\":\"https:\\\/\\\/fecburgos.com\\\/#\\\/schema\\\/logo\\\/image\\\/\"}},{\"@type\":\"Person\",\"@id\":\"https:\\\/\\\/fecburgos.com\\\/#\\\/schema\\\/person\\\/58415e04731d3b7826555683d6f88ed7\",\"name\":\"comerbur\",\"image\":{\"@type\":\"ImageObject\",\"inLanguage\":\"es\",\"@id\":\"https:\\\/\\\/secure.gravatar.com\\\/avatar\\\/ddbb4ace485868944ecba8fc1a806281a2ac4fe2123fa7322f60d7a68316d917?s=96&d=mm&r=g\",\"url\":\"https:\\\/\\\/secure.gravatar.com\\\/avatar\\\/ddbb4ace485868944ecba8fc1a806281a2ac4fe2123fa7322f60d7a68316d917?s=96&d=mm&r=g\",\"contentUrl\":\"https:\\\/\\\/secure.gravatar.com\\\/avatar\\\/ddbb4ace485868944ecba8fc1a806281a2ac4fe2123fa7322f60d7a68316d917?s=96&d=mm&r=g\",\"caption\":\"comerbur\"},\"url\":\"https:\\\/\\\/fecburgos.com\\\/index.php\\\/archivos\\\/author\\\/comerbur\"}]}<\/script>\r\n<!-- \/ Yoast SEO plugin. -->","yoast_head_json":{"title":"Taller pr\u00e1ctico. \u201cLa carnicer\u00eda francesa: Cortes y T\u00e9cnicas Innovadoras en las carnicer\u00edas\u201d - FecBurgos","robots":{"index":"index","follow":"follow","max-snippet":"max-snippet:-1","max-image-preview":"max-image-preview:large","max-video-preview":"max-video-preview:-1"},"canonical":"https:\/\/fecburgos.com\/index.php\/archivos\/8104","og_locale":"es_ES","og_type":"article","og_title":"Taller pr\u00e1ctico. \u201cLa carnicer\u00eda francesa: Cortes y T\u00e9cnicas Innovadoras en las carnicer\u00edas\u201d - FecBurgos","og_description":"FEC Burgos junto con GRECABUR, con la colaboraci\u00f3n de la Junta de Castilla y Le\u00f3n, celebr\u00f3, el 29 de mayo el taller pr\u00e1ctico denominado \u201cLA CARNICER\u00cdA FRANCESA: CORTES Y T\u00c9CNICAS INNOVADORAS EN LAS CARNICER\u00cdAS\u201d.","og_url":"https:\/\/fecburgos.com\/index.php\/archivos\/8104","og_site_name":"FecBurgos","article_published_time":"2022-06-14T08:24:14+00:00","article_modified_time":"2022-06-14T10:40:47+00:00","og_image":[{"width":1600,"height":903,"url":"http:\/\/fecburgos.com\/wp-content\/uploads\/2022\/06\/WhatsApp-Image-2022-06-14-at-12.21.59-PM.jpeg","type":"image\/jpeg"}],"author":"comerbur","twitter_card":"summary_large_image","twitter_misc":{"Escrito por":"comerbur","Tiempo de lectura":"3 minutos"},"schema":{"@context":"https:\/\/schema.org","@graph":[{"@type":"Article","@id":"https:\/\/fecburgos.com\/index.php\/archivos\/8104#article","isPartOf":{"@id":"https:\/\/fecburgos.com\/index.php\/archivos\/8104"},"author":{"name":"comerbur","@id":"https:\/\/fecburgos.com\/#\/schema\/person\/58415e04731d3b7826555683d6f88ed7"},"headline":"Taller pr\u00e1ctico. \u201cLa carnicer\u00eda francesa: Cortes y T\u00e9cnicas Innovadoras en las carnicer\u00edas\u201d","datePublished":"2022-06-14T08:24:14+00:00","dateModified":"2022-06-14T10:40:47+00:00","mainEntityOfPage":{"@id":"https:\/\/fecburgos.com\/index.php\/archivos\/8104"},"wordCount":415,"commentCount":0,"publisher":{"@id":"https:\/\/fecburgos.com\/#organization"},"image":{"@id":"https:\/\/fecburgos.com\/index.php\/archivos\/8104#primaryimage"},"thumbnailUrl":"https:\/\/fecburgos.com\/wp-content\/uploads\/2022\/06\/WhatsApp-Image-2022-06-14-at-12.21.59-PM.jpeg","articleSection":["Evento"],"inLanguage":"es","potentialAction":[{"@type":"CommentAction","name":"Comment","target":["https:\/\/fecburgos.com\/index.php\/archivos\/8104#respond"]}]},{"@type":"WebPage","@id":"https:\/\/fecburgos.com\/index.php\/archivos\/8104","url":"https:\/\/fecburgos.com\/index.php\/archivos\/8104","name":"Taller pr\u00e1ctico. \u201cLa carnicer\u00eda francesa: Cortes y T\u00e9cnicas Innovadoras en las carnicer\u00edas\u201d - FecBurgos","isPartOf":{"@id":"https:\/\/fecburgos.com\/#website"},"primaryImageOfPage":{"@id":"https:\/\/fecburgos.com\/index.php\/archivos\/8104#primaryimage"},"image":{"@id":"https:\/\/fecburgos.com\/index.php\/archivos\/8104#primaryimage"},"thumbnailUrl":"https:\/\/fecburgos.com\/wp-content\/uploads\/2022\/06\/WhatsApp-Image-2022-06-14-at-12.21.59-PM.jpeg","datePublished":"2022-06-14T08:24:14+00:00","dateModified":"2022-06-14T10:40:47+00:00","breadcrumb":{"@id":"https:\/\/fecburgos.com\/index.php\/archivos\/8104#breadcrumb"},"inLanguage":"es","potentialAction":[{"@type":"ReadAction","target":["https:\/\/fecburgos.com\/index.php\/archivos\/8104"]}]},{"@type":"ImageObject","inLanguage":"es","@id":"https:\/\/fecburgos.com\/index.php\/archivos\/8104#primaryimage","url":"https:\/\/fecburgos.com\/wp-content\/uploads\/2022\/06\/WhatsApp-Image-2022-06-14-at-12.21.59-PM.jpeg","contentUrl":"https:\/\/fecburgos.com\/wp-content\/uploads\/2022\/06\/WhatsApp-Image-2022-06-14-at-12.21.59-PM.jpeg","width":1600,"height":903},{"@type":"BreadcrumbList","@id":"https:\/\/fecburgos.com\/index.php\/archivos\/8104#breadcrumb","itemListElement":[{"@type":"ListItem","position":1,"name":"Portada","item":"https:\/\/fecburgos.com\/"},{"@type":"ListItem","position":2,"name":"Taller pr\u00e1ctico. \u201cLa carnicer\u00eda francesa: Cortes y T\u00e9cnicas Innovadoras en las carnicer\u00edas\u201d"}]},{"@type":"WebSite","@id":"https:\/\/fecburgos.com\/#website","url":"https:\/\/fecburgos.com\/","name":"FecBurgos","description":"Federaci\u00f3n de Empresarios de Comercio de Burgos","publisher":{"@id":"https:\/\/fecburgos.com\/#organization"},"potentialAction":[{"@type":"SearchAction","target":{"@type":"EntryPoint","urlTemplate":"https:\/\/fecburgos.com\/?s={search_term_string}"},"query-input":{"@type":"PropertyValueSpecification","valueRequired":true,"valueName":"search_term_string"}}],"inLanguage":"es"},{"@type":"Organization","@id":"https:\/\/fecburgos.com\/#organization","name":"FecBurgos","url":"https:\/\/fecburgos.com\/","logo":{"@type":"ImageObject","inLanguage":"es","@id":"https:\/\/fecburgos.com\/#\/schema\/logo\/image\/","url":"https:\/\/fecburgos.com\/wp-content\/uploads\/2020\/05\/cropped-cropped-LogoFEC-150x150-1.png","contentUrl":"https:\/\/fecburgos.com\/wp-content\/uploads\/2020\/05\/cropped-cropped-LogoFEC-150x150-1.png","width":150,"height":135,"caption":"FecBurgos"},"image":{"@id":"https:\/\/fecburgos.com\/#\/schema\/logo\/image\/"}},{"@type":"Person","@id":"https:\/\/fecburgos.com\/#\/schema\/person\/58415e04731d3b7826555683d6f88ed7","name":"comerbur","image":{"@type":"ImageObject","inLanguage":"es","@id":"https:\/\/secure.gravatar.com\/avatar\/ddbb4ace485868944ecba8fc1a806281a2ac4fe2123fa7322f60d7a68316d917?s=96&d=mm&r=g","url":"https:\/\/secure.gravatar.com\/avatar\/ddbb4ace485868944ecba8fc1a806281a2ac4fe2123fa7322f60d7a68316d917?s=96&d=mm&r=g","contentUrl":"https:\/\/secure.gravatar.com\/avatar\/ddbb4ace485868944ecba8fc1a806281a2ac4fe2123fa7322f60d7a68316d917?s=96&d=mm&r=g","caption":"comerbur"},"url":"https:\/\/fecburgos.com\/index.php\/archivos\/author\/comerbur"}]}},"_links":{"self":[{"href":"https:\/\/fecburgos.com\/index.php\/wp-json\/wp\/v2\/posts\/8104","targetHints":{"allow":["GET"]}}],"collection":[{"href":"https:\/\/fecburgos.com\/index.php\/wp-json\/wp\/v2\/posts"}],"about":[{"href":"https:\/\/fecburgos.com\/index.php\/wp-json\/wp\/v2\/types\/post"}],"author":[{"embeddable":true,"href":"https:\/\/fecburgos.com\/index.php\/wp-json\/wp\/v2\/users\/1"}],"replies":[{"embeddable":true,"href":"https:\/\/fecburgos.com\/index.php\/wp-json\/wp\/v2\/comments?post=8104"}],"version-history":[{"count":11,"href":"https:\/\/fecburgos.com\/index.php\/wp-json\/wp\/v2\/posts\/8104\/revisions"}],"predecessor-version":[{"id":8127,"href":"https:\/\/fecburgos.com\/index.php\/wp-json\/wp\/v2\/posts\/8104\/revisions\/8127"}],"wp:featuredmedia":[{"embeddable":true,"href":"https:\/\/fecburgos.com\/index.php\/wp-json\/wp\/v2\/media\/8124"}],"wp:attachment":[{"href":"https:\/\/fecburgos.com\/index.php\/wp-json\/wp\/v2\/media?parent=8104"}],"wp:term":[{"taxonomy":"category","embeddable":true,"href":"https:\/\/fecburgos.com\/index.php\/wp-json\/wp\/v2\/categories?post=8104"},{"taxonomy":"post_tag","embeddable":true,"href":"https:\/\/fecburgos.com\/index.php\/wp-json\/wp\/v2\/tags?post=8104"}],"curies":[{"name":"wp","href":"https:\/\/api.w.org\/{rel}","templated":true}]}}